{"id":15456,"date":"2026-02-11T06:10:00","date_gmt":"2026-02-10T22:10:00","guid":{"rendered":"https:\/\/summitfairings.com\/1975-bmw-motorcycle-fairing\/"},"modified":"2026-02-11T06:10:00","modified_gmt":"2026-02-10T22:10:00","slug":"1975-bmw-motorcycle-fairing","status":"publish","type":"post","link":"https:\/\/summitfairings.com\/tr\/blog\/1975-bmw-motorcycle-fairing\/","title":{"rendered":"Rediscovering the 1975 BMW Motorcycle Fairing: A Journey Through Design and History"},"content":{"rendered":"<p>1975 BMW motosiklet kask\u0131, \u00f6zellikle R90S gibi modeller i\u00e7in takdir edilen, sadece mekanik fonksiyonel de\u011fil ayn\u0131 zamanda sayg\u0131n bir tasar\u0131m miras\u0131 da temsil eder. Motosiklet end\u00fcstrisinde i\u015f sahipleri i\u00e7in kask\u0131n tasar\u0131m esteti\u011fi, tarihsel \u00f6nemi, pazar e\u011filimleri, teknolojik yenilikler ve k\u00fclt\u00fcrel etkisi hakk\u0131nda anlay\u0131\u015f, t\u00fcketici tercihleri ve koleksiyoncu \u00e7ekicili\u011fi konusunda de\u011ferli fikirler sunabilir. Bu ke\u015ffede yer alan her b\u00f6l\u00fcm, bu temel konular\u0131 bir araya getirerek, 1975 BMW motosiklet kask\u0131n\u0131n motosiklet toplulu\u011fu ve \u00f6tesinde bir referans noktas\u0131 olarak h\u00e2l\u00e2 kal\u0131c\u0131 olmas\u0131n\u0131n nedenini kapsaml\u0131 bir \u015fekilde sunar.<\/p>\n<h2 id=\"echoesofstreamlinedspeedtheaerodynamiclanguageofthe1975germansportbikefairing\">Ak\u0131\u015fkan H\u0131z\u0131n Etkileri: 1975 Alman Sporbisiklet Kask\u0131n\u0131n Aerodinamik Dili<\/h2>\n<p><img decoding=\"async\" src=\"https:\/\/summitfairings.com\/wp-content\/uploads\/2026\/02\/1975-bmw-motorcycle-fairing-design.webp\" alt=\"Bu pazardaki fiyatland\u0131rma, hem k\u0131tl\u0131k hem de sahiplik gururu yans\u0131t\u0131r. Ger\u00e7ek OEM par\u00e7alar\u2014varsa\u2014genellikle premium seviyesinden ayr\u0131lmaz, ancak ayr\u0131m yapan al\u0131c\u0131lar, motonun uzun vadeli dayan\u0131kl\u0131l\u0131\u011f\u0131 \u00fczerinden masraf\u0131 hakl\u0131 \u00e7\u0131kar\u0131r. Y\u00fcksek kaliteli taklitler, do\u011fru \u015fekiller ve y\u00fczeylerle belgelenmi\u015fse, y\u00fcksek standartlarda haz\u0131rlanan di\u011fer par\u00e7alarla birlikte sayg\u0131de\u011fer rakamlar alabilir. Al\u0131c\u0131lar s\u0131k\u00e7a montaj tarihini belgelenmi\u015f olarak, par\u00e7an\u0131n nas\u0131l bitirildi\u011fini, renk uyumunu ve kenar detaylar\u0131n\u0131n durumunu g\u00f6steren foto\u011fraflar\u0131 arar. Renk uyumu \u00f6zellikle farenler i\u00e7in \u00f6nemlidir \u00e7\u00fcnk\u00fc erken BMW boya tonlar\u0131, modern bir boyac\u0131 taraf\u0131ndan dikkatli bir \u015fekilde boya kodu d\u00f6neminde ve parlakl\u0131k d\u00fczeyinde yeniden \u00fcretmesi gerekir. Bir farenin motora do\u011fru \u015fekilde oturmas\u0131, sadece estetik bir eklem de\u011fildir; aerodinamik ve s\u00fcr\u00fcc\u00fcn\u00fcn pozisyonu a\u00e7\u0131s\u0131ndan i\u015flevsel bir ortak, uzun yolculuklarda konforu etkileyen ve r\u00fczgar\u0131n h\u0131zla vurdu\u011fu anda kontrol hissini etkileyen fakt\u00f6rlerdir. Premium, sadece panelin g\u00f6r\u00fcn\u00fcm\u00fc i\u00e7in de\u011fil, montajdan sonra s\u00fcr\u00fcc\u00fcn\u00fcn motonun geometrisinin beklenen soluklamas\u0131n\u0131 de\u011fil, hizalama a\u00e7\u0131s\u0131ndan bir kompromi de\u011fil, deneyimleyece\u011fini garanti alt\u0131na almak i\u00e7indir.\" \/>1970'lerin ortas\u0131, s\u00fcr\u00fc\u015f\u00e7\u00fclerin h\u0131z, konfor ve motosikletin hareket halinde g\u00f6r\u00fcn\u00fcm\u00fcne dair dil a\u00e7\u0131s\u0131ndan bir d\u00f6n\u00fcm noktas\u0131 oldu. Bu an i\u00e7inde, kask, s\u00fcr\u00fcc\u00fc i\u00e7in yaln\u0131zca bir koruyucu de\u011fil, ayn\u0131 zamanda performans\u0131n tan\u0131mlanm\u0131\u015f bir silueti haline geldi. 1975 kask\u0131n\u0131 anlamak, r\u00fczgar ile s\u00fcr\u00fcc\u00fc aras\u0131nda, uzun mesafe seyahatlerinin talepleri ile sportif s\u00fcr\u00fc\u015f\u00fcn anl\u0131k do\u011fas\u0131ndaki bir diyalogun izlenmesidir. Bu, tek bir d\u00f6kme malzeme par\u00e7as\u0131n\u0131n, m\u00fchendislik k\u00fclt\u00fcr\u00fcn\u00fcn \u00f6zlemini ta\u015f\u0131yabilmesiyle ilgilidir\u2014bu makinenin hava direncini minimize ederek hava kesilmesini sa\u011flarken hem denge hem de kontrol hissini korumas\u0131 anlam\u0131na gelir. Bu \u00e7er\u00e7evede, kask, sadece estetik bir eklenti de\u011fil, ayn\u0131 zamanda bi\u00e7im ve fonksiyonun bu d\u00f6nemin genel \u00f6nceliklerini yans\u0131tan, verimlilik, ergonomi ve simetri ve amaca sayg\u0131 duyan disiplinli bir estetik dili olan temel bir bile\u015fen olarak ortaya \u00e7\u0131kar.<\/p>\n<p>Bu d\u00f6nemin kask\u0131n\u0131n en dikkat \u00e7eken \u00f6zelli\u011fi, ak\u0131ll\u0131, ak\u0131\u015fkan \u015feklidir. Daha \u00f6nceki, daha dekoratif kabuklardan farkl\u0131 olarak, bu tasar\u0131m, h\u0131z\u0131n uygulamal\u0131 bir beklenti haline gelmesiyle uyumlu olarak aerodinami\u011fe \u00f6ncelik verir. Havan\u0131n v\u00fccutla etkile\u015fimi, \u00f6n profili temiz bir \u00e7izgiye daraltarak eddileri ve t\u00fcrb\u00fclans\u0131 azaltarak planlanm\u0131\u015ft\u0131r. Sonu\u00e7 olarak, y\u00fczeyin h\u0131zl\u0131l\u0131\u011f\u0131 ve hava y\u00f6netimi, otoyol ve arka yol h\u0131zlar\u0131nda ger\u00e7ek d\u00fcnya avantajlar\u0131 olarak ortaya \u00e7\u0131kmaktad\u0131r. Amac\u0131, flamboyant stil ile h\u0131z\u0131 \u00e7a\u011fr\u0131\u015ft\u0131rmak de\u011fil, hassas geometri ve disiplinli oranlarla h\u0131z\u0131 elde etmektir. G\u00f6z, silueti tek bir s\u00fcrekli form olarak okur, ayr\u0131lm\u0131\u015f par\u00e7alar\u0131n birle\u015fiminden ziyade tutarl\u0131l\u0131k bildiren bir ifade olarak alg\u0131lan\u0131r.<\/p>\n<p>Bu hikayede fonksiyon ve bi\u00e7im birbirine kar\u015f\u0131 de\u011fil, dialektil olarak ba\u011fl\u0131d\u0131r. Ayn\u0131 y\u00fczey, bisikletin \u00f6n taraf\u0131 g\u00f6r\u00fcn\u00fcm\u00fcn\u00fc tan\u0131mlarken pratik ama\u00e7lara da hizmet eder. Bu d\u00f6nem i\u00e7in karakteristik olan entegre farlar, kask\u0131n konturlar\u0131na g\u00f6m\u00fclm\u00fc\u015f durumdad\u0131r, \u00e7izgiyi bozan ani kesintilerden ka\u00e7\u0131n\u0131rken, s\u00fcr\u00fcc\u00fcn\u00fcn horizontuna odaklanan ayd\u0131nlatma sunar. Kask\u0131n \u00f6n profili, far\u0131n do\u011fal bir odak noktas\u0131 olarak yerle\u015fti\u011fi, v\u00fccuda yay\u0131lan bir dengenin olu\u015ftu\u011fu bir birle\u015fim plakas\u0131 haline gelir. Hatta \u00f6n y\u00fczten yanlara ve arkaya ge\u00e7i\u015fler dikkatle tasarlanm\u0131\u015ft\u0131r: kenarlar s\u00fcr\u00fcc\u00fcn\u00fcn pozisyonuna uyum sa\u011flamaktad\u0131r ve \u00fcst ve alt konturlar, makinenin boyunca g\u00f6z\u00fcn y\u00f6n\u00fcn\u00fc yava\u015f\u00e7a y\u00f6nlendirmektedir. Bu ba\u011flamda, kask, direksiyon hissi, r\u00fczgar korumas\u0131 ve uzun, h\u0131zl\u0131 s\u00fcreler boyunca s\u00fcr\u00fcc\u00fcy\u00fc \u00e7evreleyen havan\u0131n nas\u0131l sar\u0131ld\u0131\u011f\u0131n\u0131 etkileyen bir \u015fasi bile\u015feni olarak iki katl\u0131 g\u00f6rev yapar.<\/p>\n<p>Malzeme a\u00e7\u0131s\u0131ndan, bu kasklar\u0131n yap\u0131m\u0131, d\u00f6nemin malzeme bilimine yans\u0131maktad\u0131r. Y\u00fcksek dayan\u0131kl\u0131l\u0131kl\u0131 plastik kullan\u0131lm\u0131\u015ft\u0131r ki bu, sertlik, \u00e7arpma dayan\u0131kl\u0131l\u0131\u011f\u0131 ve nispeten hafiflik a\u00e7\u0131s\u0131ndan pratik bir kar\u0131\u015f\u0131m sunmaktad\u0131r. Eski kataloglarda ve tart\u0131\u015fmalarda bu malzeme bazen fiberglas olarak adland\u0131r\u0131l\u0131r, bu da kompozitlerin geli\u015fmesiyle birlikte terminolojinin de\u011fi\u015fti\u011fini yans\u0131tmaktad\u0131r. Malzeme se\u00e7imi yaln\u0131zca a\u011f\u0131rl\u0131\u011f\u0131 azaltmakla s\u0131n\u0131rl\u0131 de\u011fildir; sertlik ve dayan\u0131kl\u0131l\u0131k aras\u0131ndaki dengenin sa\u011flanmas\u0131nda da rol oynar. Kask, h\u0131zl\u0131 bir s\u00fcr\u00fc\u015f s\u0131ras\u0131nda titre\u015fimler ve zaman zaman meydana gelen \u00e7arpmalara kar\u015f\u0131 dayanmal\u0131 ve h\u0131zla r\u00fczgar bas\u0131nc\u0131 alt\u0131nda \u015fekli korumal\u0131d\u0131r. Dayan\u0131kl\u0131, hafif bir kabuk, frekans kaynakl\u0131 b\u00fck\u00fclme miktar\u0131n\u0131 azalt\u0131r, montaj noktalar\u0131nda daha dar toleranslar sa\u011flar ve sahiplerin uzun mesafe seyahatleri veya rekabet\u00e7i s\u00fcr\u00fc\u015fler s\u0131ras\u0131nda g\u00fcvenebilece\u011fi bir b\u00fct\u00fcnl\u00fck hissi yarat\u0131r.<\/p>\n<p>D\u00f6nemin kapa\u011f\u0131n\u0131n en striking \u00f6zelli\u011fi, sade ve ak\u0131\u015fkan \u015fekli. Daha \u00f6nceki, daha dekoratif kabuklardan farkl\u0131 olarak, bu tasar\u0131m, h\u0131z\u0131n uygulamal\u0131 bir beklenti oldu\u011fu yerde, s\u00fcr\u00fc\u015f\u00e7\u00fcn\u00fcn ihtiya\u00e7lar\u0131na uyum sa\u011flayacak \u015fekilde aerodinami\u011fi \u00f6nceliklendirir. Havan\u0131n v\u00fccutla etkile\u015fimi, \u00f6n profilden temiz bir \u00e7izgiye do\u011fru daralan, eddileri ve t\u00fcrb\u00fclans\u0131 minimize eden bir \u015fekilde planlanm\u0131\u015ft\u0131r. Sonu\u00e7, test edilmi\u015f ve d\u00fc\u015f\u00fcn\u00fclm\u00fc\u015f iterasyonlarla konu\u015fan bir kontur, y\u00fczey h\u0131zl\u0131l\u0131\u011f\u0131 ve hava y\u00f6netimi ger\u00e7ek d\u00fcnya avantajlar\u0131na d\u00f6n\u00fc\u015f\u00fcr, otoyol ve arka yollar h\u0131zlar\u0131nda. Amac\u0131, flamboyan stil ile h\u0131z\u0131 \u00e7a\u011fr\u0131\u015ft\u0131rmak de\u011fil, hassas geometri ve disiplinli oranlarla onu elde etmekti. G\u00f6z, silueti tek bir s\u00fcrekli form olarak okur, ayr\u0131 par\u00e7alar\u0131n birle\u015fiminden ziyade tutarl\u0131l\u0131k a\u00e7\u0131klamas\u0131 sunar.<\/p>\n<p>Fonksiyon ve bi\u00e7im bu hikayede kar\u015f\u0131t de\u011fil, dialektrik olarak birle\u015fir. Ayn\u0131 y\u00fczey, bisikletin \u00f6n u\u00e7 mevcudiyetini tan\u0131mlarken pratik ama\u00e7lara da hizmet eder. Bu d\u00f6nem\u6807\u5fd7\u6027 olan entegre farlar, kapa\u011f\u0131n konturuyla tamamen e\u015fitlenmi\u015ftir, \u00e7izgiyi kesintisiz tutarken, s\u00fcr\u00fcc\u00fcn\u00fcn g\u00f6rsel alan\u0131na odaklanm\u0131\u015f ayd\u0131nlatma sunar. Kapa\u011f\u0131n \u00f6n profili, far\u0131n do\u011fal bir odak noktas\u0131 olarak, boyunca dengenin uzanmas\u0131yla birlikte bir birle\u015fim canvasesi haline gelir. Hatta \u00f6n y\u00fczten yanlara ve arkaya ge\u00e7i\u015fler dikkatle tasarlanm\u0131\u015ft\u0131r: kenarlar s\u00fcr\u00fcc\u00fcn\u00fcn pozisyonuna uyumlu ve \u00fcst ve alt konturlar, makinenin uzunlu\u011fu boyunca g\u00f6z\u00fcn y\u00f6nlendirilmesini dikkatle sa\u011flar. Bu anlamda, kapa\u011f\u0131n \u00e7at\u0131 eleman\u0131 olarak iki katl\u0131 bir rol\u00fc vard\u0131r, bu da direksiyon hissi, r\u00fczgar korumas\u0131 ve uzun, h\u0131zl\u0131 s\u00fcreler boyunca s\u00fcr\u00fcc\u00fcy\u00fc \u00e7evreleyen havan\u0131n nas\u0131l sar\u0131ld\u0131\u011f\u0131n\u0131 etkiler.<\/p>\n<p>Malzeme a\u00e7\u0131s\u0131ndan, bu kapa\u011f\u0131n yap\u0131m\u0131 d\u00f6nemin malzeme bilimine yans\u0131t\u0131r. Y\u00fcksek dayan\u0131kl\u0131l\u0131k plastikleri, sertlik, \u00e7arpma direnci ve nispeten hafiflik kombinasyonunu sunan pratik bir kar\u0131\u015f\u0131m kullanm\u0131\u015flard\u0131r. Eski kataloglarda ve tart\u0131\u015fmalarda bu malzeme bazen fiberglas olarak tan\u0131mlanm\u0131\u015ft\u0131r, kompozitlerin olgunla\u015fmas\u0131yla terminolojinin de\u011fi\u015fmesinin bir yans\u0131mas\u0131d\u0131r. Malzeme se\u00e7imi yaln\u0131zca a\u011f\u0131rl\u0131k kayb\u0131 de\u011fil; sertlik ve dayan\u0131kl\u0131l\u0131k aras\u0131ndaki dengeyi sa\u011flamakt\u0131. Kapa\u011f\u0131n, h\u0131zl\u0131 s\u00fcr\u00fc\u015f s\u0131ras\u0131nda titre\u015fimler ve ara s\u0131ra \u00e7arpmalar\u0131 dayanmas\u0131 gerekirken, h\u0131zda r\u00fczgar bas\u0131nc\u0131 alt\u0131nda \u015fekli korumas\u0131 gerekir. Dayan\u0131kl\u0131, hafif bir kabuk, frekans kaynakl\u0131 b\u00fck\u00fclmeleri azalt\u0131r, montaj noktalar\u0131ndaki s\u0131k\u0131 toleranslar\u0131 ve genel dayan\u0131kl\u0131l\u0131\u011f\u0131 art\u0131r\u0131r ki sahipler, uzun mesafe turculuk veya rekabet\u00e7i s\u00fcr\u00fc\u015flerde g\u00fcvenebilsinler.<\/p>\n<p>G\u00f6r\u00fcn\u00fc\u015fte, d\u00f6nemin kapa\u011f\u0131 temiz hatlar ve s\u0131n\u0131rl\u0131 s\u00fcsleme ile karakterize edilir. Tasar\u0131m felsefesi minimalizm favorisidir - orta y\u00fczy\u0131ldan beri Alman end\u00fcstriyel duyarl\u0131l\u0131\u011f\u0131na dayanan, simetri, hassasiyet ve sessiz verimlilik hissini seven bir estetik. \u00d6n profil, belirgin ama kar\u0131\u015f\u0131k olmayan bir y\u00fcz sunar: farlar ayr\u0131 bir kabuktan d\u0131\u015fa do\u011fru wagon-wheeled de\u011fil, bedene entegre edilmi\u015ftir ve \u00e7izgiler, kuyru\u011fa kadar s\u00fcrekli bir ak\u0131\u015f ta\u015f\u0131r. Bu do\u011frusal netlik vurgusu, bisikletin tek, amac\u0131na y\u00f6nelik bir organizma olarak okunmas\u0131n\u0131 sa\u011flar. Hi\u00e7bir fazladan i\u015f\u00e7ilik veya g\u00f6steri\u015f yoktur; kapa\u011f\u0131n \u015fekillendirilmesi, orant\u0131larla g\u00fcveni ileti\u015fim kurar. Arka b\u00f6l\u00fcm, yak\u0131t tank\u0131 geometrisine zarif\u00e7e eri\u015fir, s\u00fcr\u00fc\u015f\u00e7\u00fcy\u00fc aerodinamik disiplin i\u00e7inde bir kovukta kavrar, ancak s\u00fcr\u00fc\u015f\u00e7\u00fc hareketi ve kontrol kolular\u0131 i\u00e7in yeterli alan b\u0131rak\u0131r.<\/p>\n<p>Bu kapa\u011f\u0131n temelini olu\u015fturan estetik felsefe, minimalist bir etkiye dayan\u0131r. Ne s\u00f6ylenen ne de ba\u011f\u0131ran \u015feydir. Tasar\u0131m, performans\u0131 i\u015faret etmek i\u00e7in agresif e\u011friler veya dramatik detaylara dayanmaz; bunun yerine, hassasiyeti iletmek i\u00e7in s\u0131n\u0131rl\u0131, simetrik geometri kullan\u0131r. Bu, kapa\u011f\u0131n s\u0131k\u0131c\u0131 olmad\u0131\u011f\u0131n\u0131 s\u00f6ylemek de\u011fildir. Bunu tersine, zarafet, k\u00fctle, daralma ve orant\u0131lar\u0131n dengesinden ortaya \u00e7\u0131kar. E\u011frili\u011fe, g\u00f6steri\u015fli olmayan ama dikkatle ara\u00e7lara ve iteratif testlere dayal\u0131 \u00fcretimle elde edilen \u00fcretici hassasiyetiyle \u00f6nerilir. Bu bak\u0131\u015f a\u00e7\u0131s\u0131yla, kapa\u011f\u0131n, m\u00fchendislik ve estetiklerin bir araya geldi\u011fi, tan\u0131d\u0131k, hatta ikonik bir silueti olan bir d\u00f6neme sembol\u00fc haline gelmesi sa\u011flan\u0131r. Eserdeki tan\u0131d\u0131k g\u00f6r\u00fcn\u00fcm, makinan\u0131n m\u00fchendislik detaylar\u0131na \u00e7ok fazla maruz kalmadan bile g\u00f6r\u00fclebilecek bir tasar\u0131mla ilgili bir dilin varl\u0131\u011f\u0131n\u0131 anlat\u0131r.<\/p>\n<p>Restorasyon veya \u00fcretim d\u00fcnyas\u0131na derinlemesine ilgi duyanlar i\u00e7in orijinal veya uyarlanm\u0131\u015f par\u00e7alar\u0131n mevcudiyeti, konu\u015fman\u0131n \u00f6nemli bir par\u00e7as\u0131d\u0131r. Kask\u0131n estetik ve fonksiyonel bir bile\u015fen olarak rol\u00fc, takviye ve \u00fcretimin tarihsel hassasiyetle ve pratik uygunlukla ele al\u0131nmas\u0131 gerekti\u011fini g\u00f6sterir. Yetenekli ki\u015filer, orijinal geometri, montaj noktalar\u0131 ve aerodinamik profili koruyan par\u00e7alara s\u0131k\u00e7a ihtiya\u00e7 duyar; ayn\u0131 zamanda modern malzemeler ve \u00fcretim y\u00f6ntemleri ger\u00e7ekliklerini dengelemektedir. Konu\u015fma yaln\u0131zca uyumla s\u0131n\u0131rl\u0131 de\u011fildir; orijinalin g\u00f6rsel b\u00fct\u00fcnl\u00fc\u011f\u00fcn\u00fc korurken, makinenin g\u00fcvenilir bir par\u00e7as\u0131 olarak kalmas\u0131n\u0131 sa\u011flarken, bu d\u00f6nemin tasar\u0131m s\u00f6zl\u00fc\u011f\u00fcn\u00fc tan\u0131mlayan temiz hatlar ve \u00f6l\u00e7\u00fclm\u00fc\u015f oranlarla h\u00e2l\u00e2 birlikte olman\u0131n somut tatminini kapsar, hatta modern dayan\u0131kl\u0131l\u0131k standartlar\u0131na uyum sa\u011flamak i\u00e7in k\u00fc\u00e7\u00fck malzeme de\u011fi\u015fimleri bile yap\u0131labilir.<\/p>\n<p>Bu par\u00e7alar\u0131n daha geni\u015f ekosistemi anlamak i\u00e7in, BMW veya 1975 \u00e7er\u00e7evesinden \u00e7\u0131k\u0131p bu d\u00f6nemin kasklar\u0131n\u0131n farkl\u0131 markalarda referans noktas\u0131 oldu\u011funa dikkat etmek faydal\u0131d\u0131r. Ak\u0131\u015fkan formun dili - s\u00fcrekli konturlar, entegre farlar ve \u00f6n-arka keskinlik, motorlu arac\u0131n g\u00f6r\u00fcn\u00fcm\u00fcn\u00fc belirleyen bir dizi tekrarlanan \u00f6zelliktir. Bu, ikonik olan\u0131n genel olanla de\u011fi\u015ftirilmesi de\u011fil, hava ak\u0131m\u0131, s\u00fcr\u00fcc\u00fc konforu ve g\u00f6rsel tutarl\u0131l\u0131k gibi temel prensiplerin farkl\u0131 markalardan ge\u00e7en bir konu\u015fma oldu\u011funu g\u00f6sterir. Kask, \u00f6z\u00fcnde, bir bine\u011fin \u00f6zel bir yakla\u015f\u0131m\u0131n\u0131 kodlar: her e\u011fri, her eklem ve her montaj noktas\u0131, s\u00fcr\u00fcc\u00fc post\u00fcr\u00fc ve arac\u0131n ama\u00e7land\u0131\u011f\u0131 kullan\u0131mla birlikte seslenen, birle\u015fik bir sistemdir.<\/p>\n<p>BMW d\u00f6nemi referans\u0131 d\u0131\u015f\u0131ndaki bu tasar\u0131m diliyle ilgili ili\u015fkili ifadeleri ke\u015ffetmek isteyen okuyucular, klasik kasklar\u0131n daha geni\u015f katalo\u011funa bakmakta fayda vard\u0131r. Bu \u00e7apraz marka konu\u015fmas\u0131na kat\u0131lmak i\u00e7in, ayn\u0131 minimalist, aerodinamik mant\u0131\u011f\u0131n di\u011fer markalara ve modellere nas\u0131l yay\u0131ld\u0131\u011f\u0131n\u0131 g\u00f6steren online koleksiyonlardan ge\u00e7i\u015f yapmak pratiktir. Bu konuya giri\u015f i\u00e7in, b\u00fcy\u00fck \u00fcreticilerden genel kasklar\u0131 toplayan ve y\u00fczeylerin i\u015flenmesi, profillerin sessiz geometrisi ve montaj ve uyumluluk praktikleri \u00fczerinde odaklanan \u00f6zel bir koleksiyona bakmak uygundur. Bu geni\u015f perspektif, baz\u0131 \u00f6zelliklerin - d\u00fczg\u00fcn far entegrasyonu, \u00f6n-arka \u00e7izgilerin devaml\u0131l\u0131\u011f\u0131 ve k\u0131s\u0131tl\u0131 siluetin - y\u0131llar boyu kal\u0131c\u0131 nitelik ve tasar\u0131m disiplini i\u015faretleri olarak kalmaya devam etmesini a\u00e7\u0131klar.<\/p>\n<p>S\u00fcrekli belgeleme ve tart\u0131\u015fmada, g\u00fcn\u00fcm\u00fcz yeteneklileri bazen ar\u015fiv g\u00f6r\u00fcnt\u00fcleri, restorasyon notlar\u0131 ve m\u00fcze kalitesi \u00f6rneklerle kar\u015f\u0131la\u015f\u0131rlar ki bu da 1975 konfig\u00fcrasyonunun ne kadar bir sport odakl\u0131 kask olabilece\u011fini ayd\u0131nlat\u0131r. G\u00f6rsel s\u00f6zl\u00fck - temiz hatlar, vurgulu \u00f6n profil ve tanka giren arkadan ak\u0131\u015f y\u00f6n\u00fcndeki daralma - bu d\u00f6nemin motosiklet tarihindeki belirli bir an\u0131n k\u0131saltmas\u0131 haline gelmi\u015ftir. Bu, m\u00fchendislik toplulu\u011funun h\u0131z\u0131n sadece beygir g\u00fcc\u00fcnden ibaret olmad\u0131\u011f\u0131n\u0131 kabul etti\u011fi bir zaman\u0131 belirtir; r\u00fczgar i\u00e7inde, virajlarda ve tempoyla ve hassasiyetle en uzun d\u00fcz yollarda en \u00e7ok \u00f6nem verilen, d\u00fc\u015f\u00fcnceli, disiplinli bir forma ihtiya\u00e7 duydu\u011funu g\u00f6sterir. Bu y\u00fczden 1975 kask\u0131 hakk\u0131nda yap\u0131lan tart\u0131\u015fma, formun i\u015flevi takip ederken h\u00e2l\u00e2 anla\u015f\u0131l\u0131r bir karakter sunan tasar\u0131mc\u0131lar, restorasyoncular ve s\u00fcr\u00fcc\u00fcler taraf\u0131ndan h\u00e2l\u00e2 etkileyici kalmaktad\u0131r.<\/p>\n<p>Restorasyon ve toplama topluluklar\u0131nda, k\u00fc\u00e7\u00fck ama dikkate de\u011fer bir ger\u00e7ek ortaya \u00e7\u0131kmaktad\u0131r: kask\u0131n \u00e7ekicili\u011fi sadece orijinal sahipli\u011fe de\u011fil, felsefeyi korumaya da y\u00f6nelmektedir. Bu, bir nesnenin hatlar\u0131 ve materyal ger\u00e7ekli\u011fi arac\u0131l\u0131\u011f\u0131yla bir \u00e7a\u011f\u0131n dilini konu\u015fabilece\u011fi fikridir. Bir restorasyon, bir makineyi orijinal siluetine geri d\u00f6nd\u00fcrd\u00fc\u011f\u00fcnde, sadece bir kabuk de\u011fi\u015ftirmiyor; r\u00fczgar, makine ve s\u00fcr\u00fcc\u00fc aras\u0131nda bir tutum yeniden canland\u0131r\u0131yor. Kask, ge\u00e7mi\u015f ve \u015fimdiki aras\u0131nda bir k\u00f6pr\u00fc g\u00f6revi g\u00f6r\u00fcr, motosikletin en dayan\u0131kl\u0131 ki\u015fili\u011finin bazen aerodinamik bi\u00e7im ve detayl\u0131, do\u011fru m\u00fchendislikli eklemeler aras\u0131ndaki etkile\u015fimde oldu\u011fu hat\u0131rlat\u0131r. Bu kask\u0131n hikayesi, sadece bir \u015fekil, bir boya tonu ya da bir plak de\u011fil, dikkatle d\u00fc\u015f\u00fcn\u00fclm\u00fc\u015f, teknik bilgiye dayal\u0131 bir tasar\u0131m diliyle ilgili s\u00fcren bir hikayedir.<em>Par\u00e7alar ve ilgili bile\u015fenlerin daha geni\u015f ekosistemiyle ilgili merak duyan okuyucular i\u00e7in, klasik kasklar\u0131n daha geni\u015f evrenini ke\u015ffetmek ayd\u0131nlat\u0131c\u0131 olabilir. Tarihsel kaplama sayfalar\u0131 i\u00e7in \u00f6zel sayfalar bar\u0131nd\u0131ran \u00e7evrimi\u00e7i ekosistem, orijinal veya uyumlu par\u00e7alar arayanlar i\u00e7in pratik bir yol sunar. Bu ekosistemde, orijinal geometriye sayg\u0131 duyan ancak modern \u00fcretim ger\u00e7ekliklerine uyum sa\u011flayabilen sad\u0131k yeniden \u00fcretmelerle ilgili bir ilgi yollar\u0131 ortaya \u00e7\u0131kmaktad\u0131r. Bu denge oyunu - orijinalite ve pratiklik aras\u0131nda - g\u00fcn\u00fcm\u00fcz restorasyon k\u00fclt\u00fcr\u00fcne b\u00fcy\u00fck \u00f6l\u00e7\u00fcde tan\u0131mlamaktad\u0131r. E\u011fer daha geni\u015f bir anlamda ilgili kask tekliflerini incelemek istiyorsan\u0131z, genel kasklar ve kaplamalar \u00fczerine odaklanan koleksiyonlar\u0131 tarayarak, 1975 tasar\u0131m\u0131 taraf\u0131ndan \u015fekillendirilen ayn\u0131 aerodinamik ilkeleri nas\u0131l yorumlad\u0131klar\u0131n\u0131 anlamak i\u00e7in iyi bir ba\u015flang\u0131\u00e7 noktas\u0131 bulabilirsiniz. Di\u011fer klasik motosiklet hatlar\u0131n\u0131n ayn\u0131 aerodinamik disiplini nas\u0131l yorumlad\u0131klar\u0131n\u0131 g\u00f6rmek isteyen okuyucular i\u00e7in Honda kask koleksiyonu, markalara g\u00f6re uygulay\u0131c\u0131lar\u0131n ayn\u0131 temel sorunu nas\u0131l \u00e7\u00f6zd\u00fc\u011f\u00fcn\u00fc temsili bir \u00f6rnek sunar: r\u00fczgar aerodinami\u011fi ile s\u00fcr\u00fcc\u00fc konforu ve g\u00f6rsel netli\u011fi nas\u0131l birle\u015ftirdiklerini.<\/em>sacat=0&amp;LH<em>TitleDesc=0&amp;<\/em>\u0130lgili materyale daha da ayr\u0131nt\u0131l\u0131 olarak incelemek ve bu tarihi \u00f6rne\u011fi daha geni\u015f bir ba\u011flamda yerle\u015ftirmek i\u00e7in, ayn\u0131 tasar\u0131m diliyle markalar ve d\u00f6nemler aras\u0131nda nas\u0131l seyahat etti\u011fini vurgulayan kar\u015f\u0131la\u015ft\u0131rmal\u0131 bir perspektife sahip olmak i\u00e7in Honda kask koleksiyonuna bak\u0131n. Honda kask koleksiyonu.<\/p>\n<h2 id=\"windsofchangethe1975bmwr90sfairingandthebirthofmodernaerodynamicmotorcycling\">Bu d\u00f6nemin aerodinami\u011fi hakk\u0131nda daha derin anlay\u0131\u015f kazanmak i\u00e7in, estetiklerin arka plan\u0131nda yer alan pratiklikleri ayd\u0131nlatan daha geni\u015f resimler, diagramlar ve restorasyon notlar\u0131 sunan harici kaynaklar faydal\u0131 olabilir. Ger\u00e7ek \u00f6rnekleri ve mevcutluklar\u0131 g\u00f6rmek isteyenler i\u00e7in, bir d\u0131\u015f pazar listesi, bu d\u00f6nemin tasar\u0131m\u0131n\u0131n bug\u00fcn hobi piyasalar\u0131nda nas\u0131l devam etti\u011fini g\u00f6steren bir pencere sunar: https:\/\/www.ebay.com\/sch\/i.html?<\/h2>\n<p><img decoding=\"async\" src=\"https:\/\/summitfairings.com\/wp-content\/uploads\/2026\/02\/1975-bmw-historical-significance.webp\" alt=\"Bu pazardaki fiyatland\u0131rma, hem k\u0131tl\u0131k hem de sahiplik gururu yans\u0131t\u0131r. Ger\u00e7ek OEM par\u00e7alar\u2014varsa\u2014genellikle premium seviyesinden ayr\u0131lmaz, ancak ayr\u0131m yapan al\u0131c\u0131lar, motonun uzun vadeli dayan\u0131kl\u0131l\u0131\u011f\u0131 \u00fczerinden masraf\u0131 hakl\u0131 \u00e7\u0131kar\u0131r. Y\u00fcksek kaliteli taklitler, do\u011fru \u015fekiller ve y\u00fczeylerle belgelenmi\u015fse, y\u00fcksek standartlarda haz\u0131rlanan di\u011fer par\u00e7alarla birlikte sayg\u0131de\u011fer rakamlar alabilir. Al\u0131c\u0131lar s\u0131k\u00e7a montaj tarihini belgelenmi\u015f olarak, par\u00e7an\u0131n nas\u0131l bitirildi\u011fini, renk uyumunu ve kenar detaylar\u0131n\u0131n durumunu g\u00f6steren foto\u011fraflar\u0131 arar. Renk uyumu \u00f6zellikle farenler i\u00e7in \u00f6nemlidir \u00e7\u00fcnk\u00fc erken BMW boya tonlar\u0131, modern bir boyac\u0131 taraf\u0131ndan dikkatli bir \u015fekilde boya kodu d\u00f6neminde ve parlakl\u0131k d\u00fczeyinde yeniden \u00fcretmesi gerekir. Bir farenin motora do\u011fru \u015fekilde oturmas\u0131, sadece estetik bir eklem de\u011fildir; aerodinamik ve s\u00fcr\u00fcc\u00fcn\u00fcn pozisyonu a\u00e7\u0131s\u0131ndan i\u015flevsel bir ortak, uzun yolculuklarda konforu etkileyen ve r\u00fczgar\u0131n h\u0131zla vurdu\u011fu anda kontrol hissini etkileyen fakt\u00f6rlerdir. Premium, sadece panelin g\u00f6r\u00fcn\u00fcm\u00fc i\u00e7in de\u011fil, montajdan sonra s\u00fcr\u00fcc\u00fcn\u00fcn motonun geometrisinin beklenen soluklamas\u0131n\u0131 de\u011fil, hizalama a\u00e7\u0131s\u0131ndan bir kompromi de\u011fil, deneyimleyece\u011fini garanti alt\u0131na almak i\u00e7indir.\" \/>nkw=1975+BMW+R90S+fairing&amp;.<\/p>\n<p>odkw=1975+BMW+R90S+fairing&amp;_osacat=0. Bu ba\u011flant\u0131, tasar\u0131m\u0131n, g\u00f6steri yerinden k\u0131rsal alana ve geriye do\u011fru bu era ruhunu ta\u015f\u0131yan makineleri tart\u0131\u015fmak, kar\u015f\u0131la\u015ft\u0131rmak ve restore etmek i\u00e7in yeterince eri\u015filebilir oldu\u011funa dair hissi ankerler.<\/p>\n<p>De\u011fi\u015fim R\u00fczgar\u0131: 1975 BMW R90S Kapa\u011f\u0131 ve Modern Aerodinamik Motosikletin Do\u011fu\u015fu.<\/p>\n<p>1970'lerin ortas\u0131nda, motosiklet tasar\u0131m\u0131, showroomban ayr\u0131ld\u0131\u011f\u0131nda ve g\u00fcne\u015fli otobanlara ve yar\u0131\u015f pistlerine gitti\u011finde bisikletin ne olabilece\u011fini yeniden tan\u0131ml\u0131yordu. 1975 BMW R90S, sadece daha h\u0131zl\u0131 bir BMW de\u011fil, ayn\u0131 zamanda aerodinamiklerin art\u0131k bir sonraki ad\u0131m olamayaca\u011f\u0131n\u0131 belirten bir sinyal olarak geldi. Bu makineyi s\u00fcsleyen tam kapa\u011f\u0131, BMW'nin, s\u00fcr\u00fcc\u00fcy\u00fc daha b\u00fcy\u00fck bir aerodinamik sistem i\u00e7inde g\u00f6ren, artan \u00fcretici kadrosuna kat\u0131ld\u0131\u011f\u0131n\u0131 belirtti. Bu, sadece estetik bir eklemeydi; r\u00fczgar direncini azaltma, performans\u0131n siluetini \u015fekillendirme ve g\u00fc\u00e7 ve itici kuvvet aras\u0131ndaki ili\u015fkileri yeniden tan\u0131mlama y\u00f6n\u00fcnde hesapl\u0131 bir ad\u0131m idi. R90S'teki kapa\u011f\u0131, tarz ve bilimin, m\u00fchendislik hassasiyetinin s\u00fcr\u00fc\u015f\u00e7\u00fc konforuyla e\u015fitlendi\u011fi bir felsefenin sembol\u00fc olan bir birle\u015fimdi. S\u00fcr\u00fc\u015f\u00e7\u00fclere sadece daha h\u0131zl\u0131 gitmekle kalmay\u0131, daha uzun mesafelerde ve y\u00fcksek h\u0131zlarda daha g\u00fcvenle, daha az yorgunluk ve daha fazla stabilite ile yolculuk yapmalar\u0131n\u0131 \u00f6neriyordu. Kapa\u011f\u0131, sportif motosiklet i\u00e7in yeni bir t\u00fcr ortak oldu, r\u00fczgar\u0131n performans aray\u0131\u015f\u0131 boyunca bir ko\u015fturmac\u0131 olarak tan\u0131nd\u0131\u011f\u0131 bir ortak.<\/p>\n<p>1975 R90S'nin tasar\u0131m tarihindeki \u00f6nemi, tam kapa\u011f\u0131n her h\u0131zda s\u00fcr\u00fc\u015f deneyimini nas\u0131l de\u011fi\u015ftirdi\u011fidir. Bu d\u00f6nemden \u00f6nce, bir\u00e7ok motosiklet yar\u0131m kabuk veya hava bas\u0131nc\u0131n\u0131n yo\u011fun oldu\u011fu r\u00fczgar vorteksinde maruz kalan a\u00e7\u0131k bile\u015fenler ta\u015f\u0131yordu. R90S, bu zorlu\u011fu \u00e7\u00f6zmek i\u00e7in kasa etraf\u0131na g\u00f6vdeyi sararak hava ak\u0131m\u0131n\u0131 s\u00fcr\u00fcc\u00fcden uzakla\u015ft\u0131ran ve kritik olarak motordan ve \u00e7er\u00e7eveye hava ak\u0131m\u0131n\u0131 \u015fekillendirerek verimli bir \u015fekilde y\u00f6nlendiren bir tasar\u0131ma sahipti. Sonu\u00e7 olarak, yaln\u0131zca daha temiz bir drag katsay\u0131s\u0131 de\u011fil, ayn\u0131 zamanda m\u00fchendislerin h\u0131zda denge, ergonomi ve s\u00fcr\u00fc\u015f\u00e7\u00fcn\u00fcn kontrol hissi hakk\u0131nda d\u00fc\u015f\u00fcncelerinde geni\u015f bir d\u00f6n\u00fc\u015f\u00fcm oldu. S\u00fcr\u00fcc\u00fc art\u0131k yol y\u00fczeyi ve s\u00fcspansiyonun s\u0131n\u0131rlamalar\u0131 ile sadece kar\u015f\u0131 kar\u015f\u0131ya kalmad\u0131, ayn\u0131 zamanda daha tahmin edilebilir bir hava ortam\u0131 ile de y\u00fczle\u015fti; bu da motosikletin performans s\u0131n\u0131r\u0131nda daha sabit hissettirmesine yard\u0131mc\u0131 oldu. Bu de\u011fi\u015fiklik, sportif s\u00fcr\u00fc\u015fte eri\u015filebilir, g\u00fcvenli bir pozisyona ve uzun mesafe konforuna ra\u011fmen k\u00f6\u015fe h\u0131z\u0131ndaki keyfi kaybetmeden yeni s\u00fcr\u00fc\u015f tutumlar\u0131na kap\u0131 a\u00e7t\u0131.<\/p>\n<p>R90S \u00fczerindeki BMW teknik paketi kapa\u011f\u0131n aerodinamik i\u015flevinin \u00f6tesine ge\u00e7ti. Arka plana, tamamen kapal\u0131 \u015fekil ile g\u00fc\u00e7l\u00fc 900cc hava so\u011futmal\u0131 boxer motor ve \u015faft di\u015flisine sahip bir araba sundu; bu iki \u00f6zellik, BMW'nin s\u00fcrekli olarak dayan\u0131kl\u0131l\u0131k ve d\u00fczg\u00fcn, kullan\u0131labilir g\u00fc\u00e7 teslimi odakl\u0131 oldu\u011funu vurgulad\u0131. Tam entegre kapa\u011f\u0131n modern bir tahrik ve s\u00fcspansiyonla birle\u015fmesi, rekabet\u00e7i s\u00fcr\u00fcc\u00fcy\u00fc cezbedebilir ve turistleri memnun edebilir bir platform olu\u015fturdu. Kapa\u011f\u0131, araban\u0131n dinamik profiline stabil bir kuvvet haline getirdi, hem hava ak\u0131m\u0131n\u0131 hem de \u015fasi tepkisini ivmelenme, frenleme ve orta k\u00f6\u015fe ge\u00e7i\u015flerinde \u015fekillendirdi. Bu anlamda, R90S'nin tasar\u0131m\u0131 yaln\u0131zca ham beygir g\u00fcc\u00fcn\u00fcn efsanesini takip etmekten ibaret de\u011fildi; hava, g\u00fc\u00e7 ve kontrol\u00fcn harmonize edildi\u011fi kapsaml\u0131 bir s\u00fcr\u00fc\u015f deneyimi kodlamak idi. Bu felsefe, gelecekteki pek \u00e7ok spor ve spor-tur t\u00fcr\u00fc arac\u0131n i\u00e7inde yank\u0131lanacak, R90S'yi modern entegre motosiklet tasar\u0131m\u0131na bir model olarak tan\u0131mlayacakt\u0131r.<\/p>\n<p>Bu d\u00f6nem, BMW Motorrad'daki daha geni\u015f m\u00fchendislik k\u00fclt\u00fcr\u00fc a\u00e7\u0131s\u0131ndan \u00f6nemli bir an\u0131 da i\u015faret eder. Aerodinamik odaklanma, R90S'nin karakterini belirleyen bir dizi yenilikle birlikte ya\u015fad\u0131: drivetrain kay\u0131plar\u0131n\u0131 azaltan ve daha yumu\u015fak g\u00fc\u00e7 aktar\u0131m\u0131 sunan bir \u015faft di\u015flisi, yol d\u00fczensizliklerini emebilecek ancak hassasiyeti kaybetmeyecek bir s\u00fcspansiyon sistemi ve s\u00fcr\u00fcc\u00fc ergonomisini performans geometrisiyle dengeleyen bir \u015fasi. Kapa\u011f\u0131 yaln\u0131z ba\u015f\u0131na de\u011fil, y\u00fcksek h\u0131zlarda stabilite sunarken g\u00fcnl\u00fck kullan\u0131m i\u00e7in rahat ve tahmin edilebilir bir s\u00fcr\u00fc\u015f sunmay\u0131 ama\u00e7layan dikkatle m\u00fchendislenmi\u015f bir paketin par\u00e7as\u0131yd\u0131. Kapa\u011f\u0131n estetik dili\u2014keskin hatlar\u0131, entegre r\u00fczgar perdesi ve g\u00f6vde panelleri aras\u0131ndaki ak\u0131c\u0131 ge\u00e7i\u015fler\u2014performans hedefleri ve 900cc, hava so\u011futmal\u0131 motorun mekanik ger\u00e7eklikleriyle ayr\u0131lmazd\u0131. R90S, iyi bir tasar\u0131m\u0131n s\u00fcr\u00fcc\u00fcn\u00fcn ihtiya\u00e7lar\u0131n\u0131, bir k\u0131rsal yolda h\u0131zl\u0131 bir sprint'ten uzun, yorgunluk olmadan otoban seyahati kadar \u00e7e\u015fitli ba\u011flamlarda \u00f6ng\u00f6rebilece\u011fini g\u00f6sterdi.<\/p>\n<p>R90S kapa\u011f\u0131n\u0131n tarihsel \u00f6nemi, BMW'nin kendi model ailesi d\u0131\u015f\u0131na yay\u0131ld\u0131. Kapa\u011f\u0131n, sadece soyut kabuklar de\u011fil, esas performans sistemleri olarak d\u00fc\u015f\u00fcn\u00fclmesi \u00fczerine daha geni\u015f bir tart\u0131\u015fmaya yol a\u00e7t\u0131. Tasar\u0131m, aerodinami\u011fin hem fonksiyon hem de bi\u00e7im i\u00e7in kullan\u0131labilece\u011fini g\u00f6sterdi, \u00fcreticilerin s\u00fcr\u00fc\u015f konforunu bozmadan daha y\u00fcksek h\u0131zlara ula\u015fmalar\u0131na olanak tan\u0131yarak. Ayn\u0131 zamanda, spor ve turizm motosikletleri i\u00e7in bir s\u00f6zl\u00fck olu\u015fturmada yard\u0131mc\u0131 oldu\u2014bu makinenin s\u00fcrd\u00fcr\u00fclebilir y\u00fcksek h\u0131z yetene\u011fi olmas\u0131na ra\u011fmen, geni\u015f bir s\u00fcr\u00fcc\u00fc kitlesine hitap edebilir ve affedici olmas\u0131 fikrini. Bu felsefe, modern spor-tur t\u00fcr\u00fcne yol a\u00e7t\u0131: koruyucu aerodinamik ile uyumlu, konfor ve uzun mesafe pratikli\u011fi ile birle\u015ftirilmi\u015f bir kategori. Takip eden on y\u0131lda, R90S'nin tam kapa\u011f\u0131n\u0131n miras\u0131, markalar aras\u0131nda ak\u0131ll\u0131 siluetlerde kendini g\u00f6sterdi; her iterasyon, r\u00fczgar y\u00f6netimi ve s\u00fcr\u00fcc\u00fc deneyimi aras\u0131nda dengenin geli\u015ftirilmesini sa\u011flad\u0131; her tasar\u0131m, hava sadece engellenmesi gereken bir engel de\u011fil, performans\u0131 art\u0131rmak i\u00e7in y\u00f6nlendirilebilecek bir kuvvet oldu\u011funa dayanan bir prensibe dayand\u0131.<\/p>\n<p>K\u00fclt\u00fcrel a\u00e7\u0131dan, R90S'nin kapa\u011f\u0131, koleksiyoner k\u00fclt\u00fcr\u00fc ve restorasyon toplulu\u011funda bir d\u00f6n\u00fcm noktas\u0131 yans\u0131t\u0131r. \u0130yi korunmu\u015f ya da sad\u0131k \u015fekilde yeniden \u00fcretilmi\u015f bir kapa\u011f\u0131n klasik \u00f6rne\u011fi, motosiklet tasar\u0131m\u0131n\u0131n hem m\u00fchendislik disiplini hem de sanatsal sunumu benimseyece\u011fi bir d\u00f6nemin daha geni\u015f bir takdirine i\u015faret eder. Koleksiyonerler ve restorat\u00f6rler i\u00e7in kapa\u011f\u0131n, yaln\u0131zca koruyucu bir kabuk olmas\u0131n\u0131n \u00f6tesinde, h\u0131z, still ve teknik cesaretin bir araya geldi\u011fi belirli bir zaman dilimini temsil eden tarihsel bir eser oldu\u011fu anla\u015f\u0131l\u0131r. Pazarlarda mevcut olan as\u0131l veya replika kapa\u011f\u0131n, uyum ve kalite garanti edilmesiyle birlikte, bu tasar\u0131m diliyi koruma konusundaki devam eden ilgiyi ifade etti\u011fini g\u00f6r\u00fcr\u00fcz. Bu ilgi sadece nostaljik de\u011fil; R90S kapa\u011f\u0131n\u0131n, g\u00fcn\u00fcm\u00fcz pazar\u0131 ekosistemlerindeki uyum, biti\u015f ve i\u015flev beklentilerini \u015fekillendirdi\u011fini fark eder. Bu anlamda, kapa\u011f\u0131n devam eden \u00f6nemi, klasik BMW'lerin sergilerde, m\u00fczelerde ve teknik ba\u015far\u0131ya ve zaman\u0131n \u00f6tesinde estetiklere de\u011fer veren entuzyastalar aras\u0131nda neden h\u00e2l\u00e2 tercih edildi\u011fini a\u00e7\u0131klar.<\/p>\n<p>R90S kapa\u011f\u0131n\u0131n g\u00f6rsel kimli\u011fi, o d\u00f6nemin tan\u0131d\u0131k hatlar\u0131 ile, gelecek nesiller i\u00e7in g\u00fc\u00e7l\u00fc bir model sa\u011flad\u0131. Makinenin agresif bir pozisyona sahip olmas\u0131na ra\u011fmen, uygulamada zarif bir \u015fekilde i\u015flenmi\u015f olmas\u0131, bug\u00fcn\u00fcn spor turizm motorlar\u0131n\u0131n \u00e7o\u011funu karakterize eden bir paradoksu i\u015faret eder. Kapa\u011f\u0131n hatlar\u0131, her e\u011fri ve k\u00f6\u015feye hava etkisinin dikkatle ele al\u0131nd\u0131\u011f\u0131n\u0131, ayn\u0131 zamanda uzun s\u00fcre oturacak bir s\u00fcr\u00fcc\u00fcn\u00fcn pratik ger\u00e7ekliklerini bir araya getirdi\u011fini g\u00f6sterir. Keskin kenarlar\u0131n yumu\u015fak ge\u00e7i\u015flere d\u00f6n\u00fc\u015fmesi, i\u015flev ve g\u00fczellikin rakip de\u011fil ortak oldu\u011fu bir tasar\u0131m felsefesini ifade eder. Bu felsefe BMW'den \u00f6teye yay\u0131ld\u0131, performans, g\u00fcvenilirlik ve s\u00fcr\u00fcc\u00fc konforu aras\u0131ndaki benzer dengenin arayan di\u011fer \u00fcreticileri etkiledi. Motorbike tasar\u0131mlar\u0131n\u0131n uzun \u00e7izgisinde, 1975 R90S kapa\u011f\u0131, m\u00fchendislik g\u00fcveni ile stilistik eminli\u011fin bulu\u015ftu\u011fu, motosikletin ne olabilece\u011fine dair beklentileri de\u011fi\u015ftiren bir d\u00f6n\u00fcm noktas\u0131d\u0131r.<\/p>\n<p>Koleksiyoner toplulu\u011funda, R90S kapa\u011f\u0131na yap\u0131lan referanslar bazen farkl\u0131 aftermarket veya fabrika geli\u015ftirilmi\u015f kapa\u011f\u0131 olan 1975 modellerinin hikayeleriyle birlikte g\u00f6r\u00fcl\u00fcr. \u00d6rne\u011fin, R-75'teki Luftmeister kapa\u011f\u0131, cesur bir \u015fekil ile m\u00fchendislik niyetinin birle\u015fti\u011fi, \u00e7arp\u0131c\u0131, performans odakl\u0131 bir makine yaratmakta ba\u015far\u0131l\u0131 bir \u00f6rnek olarak s\u0131k\u00e7a kutlan\u0131r. Bu \u00f6rnekler, 1970'lerin kapa\u011f\u0131yla ilgili deneyim k\u00fclt\u00fcr\u00fcne nas\u0131l katk\u0131 sundu\u011funu vurgular; estetik, aerodinamik ve m\u00fchendislik ambiyonunun bir araya gelmesi, \u015fu anda bir alt\u0131n \u00e7a\u011f olarak okunur. Bu par\u00e7alarla ilgili konu\u015fmalar, payla\u015f\u0131lan bir inan\u00e7 vurgular: kapa\u011f\u0131n sadece koruyucu bir kabuk olmayaca\u011f\u0131n\u0131, tarihsel bir belge olabilece\u011fini, r\u00fczgar direncini h\u0131z, stabilite ve s\u00fcr\u00fcc\u00fc g\u00fcveni haline getirmeye \u00e7al\u0131\u015fan m\u00fchendisler ve tasar\u0131mc\u0131lar\u0131n ne kadar \u00e7aba sarf ettiklerini anlat\u0131r.<\/p>\n<p>1975 R90S ve tam kapa\u011f\u0131 hikayesi geli\u015fti\u011finde, bu tasar\u0131m\u91cc\u7a0b\u7891'nin BMW Motorrad'\u0131n daha geni\u015f tarihi \u00e7izgisiyle ayr\u0131lmaz oldu\u011fu anla\u015f\u0131l\u0131r. Resmi tarihler ve ar\u015fiv materyalleri, s\u0131n\u0131rlar\u0131 zorlayan, yenilikleri benimseyen ve pistte performans g\u00f6sterirken yolda da ba\u015far\u0131l\u0131 \u00fcr\u00fcnler sunan bir organizasyonu betimler. Bu nedenle, R90S kapa\u011f\u0131, hem teknik bir ba\u015far\u0131 hem de k\u00fclt\u00fcrel bir dokunulmazl\u0131k olarak i\u015flev g\u00f6r\u00fcr. M\u00fchendislik cesareti ile estetik netlik aras\u0131ndaki \u00e7izginin, bu ku\u015fak tasar\u0131mc\u0131lar ve m\u00fchendisler i\u00e7in y\u00f6nlendirici bir prensip oldu\u011fu bir an\u0131 yans\u0131t\u0131r. Motor bisikleti tarihine ba\u011fl\u0131l\u0131k duyan s\u00fcr\u00fcc\u00fcler i\u00e7in, R90S kapa\u011f\u0131 sadece geriye bakmak de\u011fil, en iyi tasar\u0131m\u0131, en \u00e7ok \u00f6nem verilen g\u00fc\u00e7leri etkili bir \u015fekilde harmonile\u015ftiren \u00e7\u00fcnk\u00fc ya\u015far \u00e7\u00fcnk\u00fc hat\u0131rlat\u0131r: h\u0131z, kontrol, konfor ve stil. <a href=\"https:\/\/summitfairings.com\/tr\/collections\/yamaha-fairings\/\">Yamaha fairings collection<\/a><\/p>\n<h2 id=\"preservingthesilhouettemarketdynamicsanddurablecraftin1975bmwr90sfairingcomponents\">Bu d\u00f6nem taraf\u0131ndan \u015fekillenen ve \u015fekillendirilen kapa\u011f\u0131 sistemleri hakk\u0131nda daha geni\u015f bir eko-sistemin ke\u015ffini isteyen okuyucular i\u00e7in, daha geni\u015f bir pazar ba\u011flam\u0131 yard\u0131mc\u0131 olur. Kapa\u011f\u0131n bir sistem olarak standart bir \u00f6zellik haline gelmesi, modern motosikletlerin sadece motor performans\u0131yla de\u011fil, hava ve s\u00fcr\u00fcc\u00fc ile makinenin etkile\u015fimiyle de\u011ferlendirilmesi anlam\u0131na gelir. Form ve fonksiyonun bu birbiriyle ba\u011f\u0131ml\u0131l\u0131\u011f\u0131, R90S hikayesinin merkezindedir ve h\u0131z artt\u0131k\u00e7a bir motosikleti nas\u0131l tasarlayaca\u011f\u0131m\u0131zla ilgili g\u00fcncel tart\u0131\u015fmalar\u0131 h\u00e2l\u00e2 etkilemektedir. Kapa\u011f\u0131n miras\u0131, \u015fu anki spor ve spor turizm tasar\u0131mlar\u0131nda, r\u00fczgar y\u00f6netimi ve s\u00fcr\u00fcc\u00fc ergonomisi a\u00e7\u0131s\u0131ndan destekleyici hedefler olarak de\u011fil, rekabet eden ilgi alanlar\u0131 olarak g\u00f6r\u00fclmektedir. 1975 BMW R90S, tam entegre kapa\u011f\u0131 ile, h\u00e2l\u00e2 devam eden inovasyon zincirinde \u00f6zel bir yer tutmaktad\u0131r ve tasar\u0131mc\u0131lar ve s\u00fcr\u00fcc\u00fclerin motosiklet performans\u0131 hakk\u0131ndaki d\u00fc\u015f\u00fcncelerini etkilemeye devam etmektedir.<\/h2>\n<p><img decoding=\"async\" src=\"https:\/\/summitfairings.com\/wp-content\/uploads\/2026\/02\/market-trends-1975-bmw-fairing.webp\" alt=\"Bu pazardaki fiyatland\u0131rma, hem k\u0131tl\u0131k hem de sahiplik gururu yans\u0131t\u0131r. Ger\u00e7ek OEM par\u00e7alar\u2014varsa\u2014genellikle premium seviyesinden ayr\u0131lmaz, ancak ayr\u0131m yapan al\u0131c\u0131lar, motonun uzun vadeli dayan\u0131kl\u0131l\u0131\u011f\u0131 \u00fczerinden masraf\u0131 hakl\u0131 \u00e7\u0131kar\u0131r. Y\u00fcksek kaliteli taklitler, do\u011fru \u015fekiller ve y\u00fczeylerle belgelenmi\u015fse, y\u00fcksek standartlarda haz\u0131rlanan di\u011fer par\u00e7alarla birlikte sayg\u0131de\u011fer rakamlar alabilir. Al\u0131c\u0131lar s\u0131k\u00e7a montaj tarihini belgelenmi\u015f olarak, par\u00e7an\u0131n nas\u0131l bitirildi\u011fini, renk uyumunu ve kenar detaylar\u0131n\u0131n durumunu g\u00f6steren foto\u011fraflar\u0131 arar. Renk uyumu \u00f6zellikle farenler i\u00e7in \u00f6nemlidir \u00e7\u00fcnk\u00fc erken BMW boya tonlar\u0131, modern bir boyac\u0131 taraf\u0131ndan dikkatli bir \u015fekilde boya kodu d\u00f6neminde ve parlakl\u0131k d\u00fczeyinde yeniden \u00fcretmesi gerekir. Bir farenin motora do\u011fru \u015fekilde oturmas\u0131, sadece estetik bir eklem de\u011fildir; aerodinamik ve s\u00fcr\u00fcc\u00fcn\u00fcn pozisyonu a\u00e7\u0131s\u0131ndan i\u015flevsel bir ortak, uzun yolculuklarda konforu etkileyen ve r\u00fczgar\u0131n h\u0131zla vurdu\u011fu anda kontrol hissini etkileyen fakt\u00f6rlerdir. Premium, sadece panelin g\u00f6r\u00fcn\u00fcm\u00fc i\u00e7in de\u011fil, montajdan sonra s\u00fcr\u00fcc\u00fcn\u00fcn motonun geometrisinin beklenen soluklamas\u0131n\u0131 de\u011fil, hizalama a\u00e7\u0131s\u0131ndan bir kompromi de\u011fil, deneyimleyece\u011fini garanti alt\u0131na almak i\u00e7indir.\" \/>D\u0131\u015f kaynak: https:\/\/www.bmw-motorrad.com\/en\/motorcycles\/history\/1975-r90s.html.<\/p>\n<p>\u0130\u00e7 link referans\u0131: Kapa\u011f\u0131 farkl\u0131 markalarda ve d\u00f6nemlerde nas\u0131l ele al\u0131nd\u0131\u011f\u0131n\u0131 daha geni\u015f bir \u015fekilde anlamak i\u00e7in, Yamaha kapa\u011f\u0131 koleksiyonuna bak\u0131n\u0131z.<\/p>\n<p>Sil\u00fcetin Korunmas\u0131: 1975 BMW R90S Kapa\u011f\u0131 Bile\u015fenlerinde Pazar Dinamikleri ve Dayan\u0131kl\u0131 Sanat.<\/p>\n<p>\u00c7elik ve cam\u0131n par\u0131lt\u0131s\u0131n\u0131 ve fiberglas\u0131n f\u0131s\u0131lt\u0131s\u0131n\u0131 kovalayan koleksiyoner \u00e7evrelerde, 1975 BMW R90S kapa\u011f\u0131, sadece bir bile\u015fen de\u011fil, motorlu arac\u0131n tasar\u0131m\u0131 aerodinamik ve sahne aras\u0131nda bir diyalog haline geldi\u011findeki d\u00f6neme bir anahtar olarak durur. Kapa\u011f\u0131, e\u015fle\u015fen g\u00f6vdeyle birlikte, arac\u0131n sil\u00fcetini ve otobanda davran\u0131\u015f\u0131n\u0131 tan\u0131mlar. Bu nedenle bu par\u00e7alar\u0131n pazar\u0131 h\u00e2l\u00e2 g\u00fc\u00e7l\u00fc bir k\u00fc\u00e7\u00fck pazar olmaya devam etmektedir, yeni restorasyonlar modern yap\u0131\u015ft\u0131r\u0131c\u0131lar veya karbon kompozitlerle takip etmeye devam etmektedir. De\u011fer, sadece uyum de\u011fil, orijinal \u015fekiller, do\u011fru konturlar, tam montaj noktalar\u0131 ve ikinci el havay\u0131 iki silindirli kalp \u00fczerinden y\u00f6nlendiren ince e\u011frilerdir. Yetkililer, bir kapa\u011f\u0131n sadece bir zar de\u011fil, ayn\u0131 zamanda hem bir makinenin g\u00f6r\u00fcn\u00fcm\u00fcn\u00fc hem de s\u00fcr\u00fc\u015f hissini \u015fekillendiren bir zaman m\u00fch\u00fcr\u00fcn\u00fcn oldu\u011funu bilirler. Bu anlamda, BMW R90S kapa\u011f\u0131, eski motosikletlerde orijinaliteyi koruma hakk\u0131nda daha geni\u015f bir konu\u015fman\u0131n merkezinde yer al\u0131r.<\/p>\n<p>Restorasyon avc\u0131lar\u0131, kaynak bulman\u0131n yar\u0131s\u0131n\u0131n m\u00fccadelesi oldu\u011funu bilirler. Orijinal OEM par\u00e7alar o d\u00f6nemde nadirdir ve ortaya \u00e7\u0131kt\u0131klar\u0131nda premium bir fiyat talep ederler. Y\u00fcksek kaliteli taklitler, uygunluk ve orijinalite aras\u0131ndaki bo\u015flu\u011fu doldurur, b\u00f6ylece bir s\u00fcr\u00fcc\u00fc, tam OEM fiyat\u0131 olmadan g\u00f6r\u00fcn\u00fcm ve hissi ya\u015fayabilir. Talep, sadece par\u00e7alara de\u011fil, bilgiye de koleksiyon yapan bir topluluk taraf\u0131ndan tetiklenir\u2014boya kodlar\u0131, i\u00e7 kabuklardaki seri numaralar\u0131 ve \u00fcretim y\u00f6ntemlerinin hikayesini anlatan donan\u0131m y\u00fczeyleri. Bu ekosistemde \u00f6n ve yan kapa\u011f\u0131n \u00f6zellikle \u00f6nemli oldu\u011fu \u00e7\u00fcnk\u00fc arac\u0131n pozisyonunu, dengesini ve motorun galeride ya da garajda nas\u0131l alg\u0131land\u0131\u011f\u0131n\u0131 etkiler. R90S, karakteristik profili ile yayg\u0131n olarak takdir edilir\u2014kapa\u011f\u0131n geni\u015f omuzlar\u0131, \u00e7\u00f6km\u00fc\u015f kabin, ve araba ge\u00e7erken \u0131\u015f\u0131\u011f\u0131 yakalayan, hatta aerodinamik gibi g\u00f6r\u00fcnen krom kenarlar\u0131n\u0131n yumu\u015fak \u0131\u015f\u0131\u011f\u0131. Bu bak\u0131\u015f, hemen tan\u0131d\u0131k gelir ve bu tan\u0131d\u0131k gelme, y\u0131llar boyu talebi sabit tutar. Pazar, montaj s\u0131ras\u0131nda hata pay\u0131n\u0131 azaltan ve s\u00fcr\u00fcc\u00fclerin arac\u0131n orijinal ergonomisini de\u011fer verdi\u011fi i\u00e7in makinenin orijinal geometrisini koruyan, orijinal uyumdan gelen g\u00fcvenli\u011fe sahiptir.<\/p>\n<p>Elektronik pazar yerleri bu bile\u015fenler i\u00e7in do\u011fal bir kay\u0131t olmu\u015ftur. Ge\u00e7mi\u015fte garanti edilmi\u015f uyum se\u00e7enekleri sunan platformlar\u2014sat\u0131c\u0131lar\u0131n belirli bir modele uyumunu taahh\u00fct etti\u011fi\u2014al\u0131c\u0131lar i\u00e7in g\u00fcven verir; 1975'ten gelen bir panelin araba tarz\u0131 \u00e7er\u00e7evenin montaj noktalar\u0131 ve montaj ekipmanlar\u0131yla uyumlu olaca\u011f\u0131n\u0131 bilirler. Bu g\u00fcvence, par\u00e7alar\u0131n y\u0131llarca orijinal motorlar\u0131ndan ayr\u0131 kald\u0131\u011f\u0131 zamanlar i\u00e7in \u00f6zellikle anlaml\u0131d\u0131r; sat\u0131n al\u0131c\u0131, s\u0131n\u0131rl\u0131 dokunsal ipu\u00e7lar\u0131 ile uyumun yeniden kurulmas\u0131 konusunda \u00e7al\u0131\u015fmak zorundad\u0131r. Ancak yeni eski stok bulman\u0131n depo kokulu heyecan\u0131ndan \u00f6teye ge\u00e7erken, restorasyon toplulu\u011fu, durumu de\u011ferlendirmenin, k\u00f6keni belgelenmenin ve gereksiz stres getirmeyecek \u015fekilde montaj\u0131n nas\u0131l yap\u0131laca\u011f\u0131na dair bilgi sahibi olan forumlar ve at\u00f6lyelerle s\u00fcreci destekler. Bu dikkatli \u00e7al\u0131\u015fma, yaln\u0131zca iyi oturan bir par\u00e7a de\u011fil, ayn\u0131 zamanda motonun uzunlamas\u0131na tarihini koruyan bir restore edilmi\u015f formun kar\u015f\u0131l\u0131\u011f\u0131d\u0131r. \u00c7ok say\u0131da restorer, bir farenin uyumu, yeni sahibin birka\u00e7 vida s\u00f6kerek \u00e7er\u00e7eveyi hizalad\u0131\u011f\u0131 andan ba\u015flad\u0131\u011f\u0131n\u0131, boyan\u0131n parlak bir \u015fekilde polisajland\u0131\u011f\u0131 andan de\u011fil, derinlemesine s\u00f6yler. D\u00f6nemin sanat\u0131 ve m\u00fchendisli\u011fi, do\u011fru uyumun kendi i\u00e7inde bir zaman makinesi oldu\u011fu anlam\u0131na gelir.<\/p>\n<p>Bu pazarda nadirlikler t\u00f6renle ortaya \u00e7\u0131kar. Orijinal plastik g\u00f6vde par\u00e7alar\u0131\u2014hafif \u015feffaf, erken polimer hissi\u2014o d\u00f6neme dokunsal bir ba\u011f sunar ve taklitler ancak yakla\u015f\u0131k olabilir. Uygun ya\u015flanma g\u00f6steren krom ekstralar, o d\u00f6nemin k\u00fc\u00e7\u00fck, hassas notalar\u0131n\u0131 g\u00f6steren montaj ekipmanlar\u0131 ve y\u0131llar boyu motordan ayr\u0131 kalm\u0131\u015f el izlerini ta\u015f\u0131yan c\u0131vatalar\u2014bu detaylar koleksiyoncular\u0131n pe\u015finde oldu\u011fu \u015feydir. R-75'teki Luftmeister fareni\u2014biraz farkl\u0131 bir soydan gelen bir model\u2014aerodinamik y\u00f6n\u00fcnden BMW'nin ambiyonunu ileti\u015fimle sundu\u011fu i\u00e7in m\u00fczelerde sergilenir. Do\u011frudan R90S par\u00e7as\u0131 olmasa da, Luftmeister'in literat\u00fcr ve m\u00fczelerdeki varl\u0131\u011f\u0131, d\u00f6nemin dramatik tarz talebini hem aerodinamik kazan\u0131mdan daha \u00e7ok \u00f6nemser. Onun bir\u00e7ok ki\u015fi i\u00e7in neyin nadir ve de\u011ferli oldu\u011fu \u00f6l\u00e7\u00fcs\u00fc haline gelmesine neden oldu ve bug\u00fcn R90S farenilerini nas\u0131l alg\u0131lad\u0131klar\u0131n\u0131 etkiledi. Bu \u00e7apraz marka ilgisi, fiyat beklentilerini besler ve sahipli\u011fin do\u011frulu\u011funu \u00f6demeye haz\u0131r olmay\u0131 sa\u011flar \u00e7\u00fcnk\u00fc R90S, sadece teknik performans\u0131yla de\u011fil, o d\u00f6nemin m\u00fchendislik cesaretinin havas\u0131yla \u00f6l\u00e7\u00fcl\u00fcr. Koleksiyoncular aras\u0131ndaki payla\u015f\u0131lan sayg\u0131n\u0131n tahmini de\u011ferleri belirlemesine ve restorasyoncular\u0131n projelerini nas\u0131l d\u00fczenledi\u011fine (orijinal boyadan dikkatlice s\u00f6k\u00fclmesinden, kromun par\u0131lt\u0131s\u0131n\u0131 tarihi kaybetmeden geri getirmek i\u00e7in dikkatli f\u0131r\u00e7alamaya kadar) yard\u0131mc\u0131 olmas\u0131 gerekir.<\/p>","protected":false},"excerpt":{"rendered":"<p>1975 BMW motosiklet kapa\u011f\u0131n\u0131n \u00f6nemini ortaya \u00e7\u0131kar\u0131n ve tasar\u0131m, teknoloji ve k\u00fclt\u00fcre olan etkisi.<\/p>","protected":false},"author":1,"featured_media":15457,"comment_status":"closed","ping_status":"","sticky":false,"template":"","format":"standard","meta":{"_uag_custom_page_level_css":"","site-sidebar-layout":"default","site-content-layout":"","ast-site-content-layout":"default","site-content-style":"default","site-sidebar-style":"default","ast-global-header-display":"","ast-banner-title-visibility":"","ast-main-header-display":"","ast-hfb-above-header-display":"","ast-hfb-below-header-display":"","ast-hfb-mobile-header-display":"","site-post-title":"","ast-breadcrumbs-content":"","ast-featured-img":"","footer-sml-layout":"","ast-disable-related-posts":"","theme-transparent-header-meta":"","adv-header-id-meta":"","stick-header-meta":"","header-above-stick-meta":"","header-main-stick-meta":"","header-below-stick-meta":"","astra-migrate-meta-layouts":"default","ast-page-background-enabled":"default","ast-page-background-meta":{"desktop":{"background-color":"var(--ast-global-color-4)","background-image":"","background-repeat":"repeat","background-position":"center center","background-size":"auto","background-attachment":"scroll","background-type":"","background-media":"","overlay-type":"","overlay-color":"","overlay-opacity":"","overlay-gradient":""},"tablet":{"background-color":"","background-image":"","background-repeat":"repeat","background-position":"center center","background-size":"auto","background-attachment":"scroll","background-type":"","background-media":"","overlay-type":"","overlay-color":"","overlay-opacity":"","overlay-gradient":""},"mobile":{"background-color":"","background-image":"","background-repeat":"repeat","background-position":"center center","background-size":"auto","background-attachment":"scroll","background-type":"","background-media":"","overlay-type":"","overlay-color":"","overlay-opacity":"","overlay-gradient":""}},"ast-content-background-meta":{"desktop":{"background-color":"var(--ast-global-color-5)","background-image":"","background-repeat":"repeat","background-position":"center center","background-size":"auto","background-attachment":"scroll","background-type":"","background-media":"","overlay-type":"","overlay-color":"","overlay-opacity":"","overlay-gradient":""},"tablet":{"background-color":"var(--ast-global-color-5)","background-image":"","background-repeat":"repeat","background-position":"center center","background-size":"auto","background-attachment":"scroll","background-type":"","background-media":"","overlay-type":"","overlay-color":"","overlay-opacity":"","overlay-gradient":""},"mobile":{"background-color":"var(--ast-global-color-5)","background-image":"","background-repeat":"repeat","background-position":"center center","background-size":"auto","background-attachment":"scroll","background-type":"","background-media":"","overlay-type":"","overlay-color":"","overlay-opacity":"","overlay-gradient":""}},"footnotes":""},"categories":[295],"tags":[370],"class_list":["post-15456","post","type-post","status-publish","format-standard","has-post-thumbnail","hentry","category-honda-fairings","tag-motorcycle-fairing"],"uagb_featured_image_src":{"full":["https:\/\/summitfairings.com\/wp-content\/uploads\/2026\/05\/1975-bmw-motorcycle-cover-image.webp",800,800,false],"thumbnail":["https:\/\/summitfairings.com\/wp-content\/uploads\/2026\/05\/1975-bmw-motorcycle-cover-image-150x150.webp",150,150,true],"medium":["https:\/\/summitfairings.com\/wp-content\/uploads\/2026\/05\/1975-bmw-motorcycle-cover-image-300x300.webp",300,300,true],"medium_large":["https:\/\/summitfairings.com\/wp-content\/uploads\/2026\/05\/1975-bmw-motorcycle-cover-image-768x768.webp",768,768,true],"large":["https:\/\/summitfairings.com\/wp-content\/uploads\/2026\/05\/1975-bmw-motorcycle-cover-image.webp",800,800,false],"1536x1536":["https:\/\/summitfairings.com\/wp-content\/uploads\/2026\/05\/1975-bmw-motorcycle-cover-image.webp",800,800,false],"2048x2048":["https:\/\/summitfairings.com\/wp-content\/uploads\/2026\/05\/1975-bmw-motorcycle-cover-image.webp",800,800,false],"trp-custom-language-flag":["https:\/\/summitfairings.com\/wp-content\/uploads\/2026\/05\/1975-bmw-motorcycle-cover-image.webp",12,12,false],"woocommerce_thumbnail":["https:\/\/summitfairings.com\/wp-content\/uploads\/2026\/05\/1975-bmw-motorcycle-cover-image-300x300.webp",300,300,true],"woocommerce_single":["https:\/\/summitfairings.com\/wp-content\/uploads\/2026\/05\/1975-bmw-motorcycle-cover-image-600x600.webp",600,600,true],"woocommerce_gallery_thumbnail":["https:\/\/summitfairings.com\/wp-content\/uploads\/2026\/05\/1975-bmw-motorcycle-cover-image-100x100.webp",100,100,true]},"uagb_author_info":{"display_name":"contact@summitfairings.com","author_link":"https:\/\/summitfairings.com\/tr\/blog\/author\/contactsummitfairings-com\/"},"uagb_comment_info":0,"uagb_excerpt":"Uncover the significance of the 1975 BMW motorcycle fairing and its impact on design, technology, and culture.","_links":{"self":[{"href":"https:\/\/summitfairings.com\/tr\/wp-json\/wp\/v2\/posts\/15456","targetHints":{"allow":["GET"]}}],"collection":[{"href":"https:\/\/summitfairings.com\/tr\/wp-json\/wp\/v2\/posts"}],"about":[{"href":"https:\/\/summitfairings.com\/tr\/wp-json\/wp\/v2\/types\/post"}],"author":[{"embeddable":true,"href":"https:\/\/summitfairings.com\/tr\/wp-json\/wp\/v2\/users\/1"}],"replies":[{"embeddable":true,"href":"https:\/\/summitfairings.com\/tr\/wp-json\/wp\/v2\/comments?post=15456"}],"version-history":[{"count":0,"href":"https:\/\/summitfairings.com\/tr\/wp-json\/wp\/v2\/posts\/15456\/revisions"}],"wp:featuredmedia":[{"embeddable":true,"href":"https:\/\/summitfairings.com\/tr\/wp-json\/wp\/v2\/media\/15457"}],"wp:attachment":[{"href":"https:\/\/summitfairings.com\/tr\/wp-json\/wp\/v2\/media?parent=15456"}],"wp:term":[{"taxonomy":"category","embeddable":true,"href":"https:\/\/summitfairings.com\/tr\/wp-json\/wp\/v2\/categories?post=15456"},{"taxonomy":"post_tag","embeddable":true,"href":"https:\/\/summitfairings.com\/tr\/wp-json\/wp\/v2\/tags?post=15456"}],"curies":[{"name":"wp","href":"https:\/\/api.w.org\/{rel}","templated":true}]}}